{"id":1071,"date":"2024-06-11T08:41:44","date_gmt":"2024-06-11T08:41:44","guid":{"rendered":"https:\/\/encinasquinzano.com\/?p=1071"},"modified":"2025-06-18T07:19:01","modified_gmt":"2025-06-18T07:19:01","slug":"pz4","status":"publish","type":"post","link":"https:\/\/encinasquinzano.com\/?p=1071","title":{"rendered":"Pedro Zerolo, Chueca, Madrid"},"content":{"rendered":"\t\t<div data-elementor-type=\"wp-post\" data-elementor-id=\"1071\" class=\"elementor elementor-1071\" data-elementor-post-type=\"post\">\n\t\t\t\t<div class=\"elementor-element elementor-element-677e5195 e-flex e-con-boxed e-con e-parent\" data-id=\"677e5195\" data-element_type=\"container\" data-e-type=\"container\">\n\t\t\t\t\t<div class=\"e-con-inner\">\n\t\t\t\t<div class=\"elementor-element elementor-element-290ee987 elementor-widget elementor-widget-text-editor\" data-id=\"290ee987\" data-element_type=\"widget\" data-e-type=\"widget\" data-widget_type=\"text-editor.default\">\n\t\t\t\t<div class=\"elementor-widget-container\">\n\t\t\t\t\t\t\t\t\t\n<p>La reforma se asocia con un proyecto de paisajismo para que vivir en el coraz\u00f3n de Madrid, no implique la renuncia a estar rodeado de naturaleza y tranquilidad.\u00a0\u00a0<\/p>\n\n<p><strong><div class=\"show_more\"><p class=\"wpsm-show\" style=\"color: #cc0000; font-size: 100%; text-align: left;\"> +<\/p><div class=\"wpsm-content\">\u00a0<\/strong><\/p>\n\n<p>Reforma integral de \u00e1tico en edificio de principios del siglo XXI. Un espacio con vol\u00famenes creados de manera artificial fue el punto de partida, sin ning\u00fan hilo conductor, que pretend\u00eda un juego de luces que se hab\u00eda materializado en oscuridad completa para varias piezas de la vivienda. <strong><strong>El proyecto se inicia con el objetivo de eliminar la frontera entre el interior y el exterior; de este modo, todas las estancias comunican directamente con la terraza a trav\u00e9s de grandes ventanales que desaparecen por completo al alcanzar su m\u00e1xima apertura<\/strong>.<\/strong> Se pretende que el jard\u00edn est\u00e9 dentro de la casa, una vinculaci\u00f3n constante con la naturaleza.\u00a0<\/p>\n\n<p>En la intervenci\u00f3n, se retiran los vol\u00famenes existentes de distintos materiales y se pican los diferentes niveles de suelos para permitir una hoja en blanco sobre la que transformar el espacio. La vivienda se divide mediante un muro curvo en zona p\u00fablica, compuesta por la cocina-comedor y el sal\u00f3n, y zona privada, dormitorio y ba\u00f1o, se divide mediante un muro curvo en zona p\u00fablica, sin olvidar que su centro es la terraza, donde todos se abren.\u00a0<\/p>\n\n<p>Los materiales escogidos son refinados. Suelo continuo de micro cemento de una tonalidad verde ceniza. Ba\u00f1o de piedra caliza, con piezas dise\u00f1adas y ejecutadas a medida. Mismo material que el empleado para la terraza y su jard\u00edn. Paredes de color claro y carpinter\u00eda lacada en el mismo tono. Radiadores de dise\u00f1o italiano. Cocina de madera de nogal macizo.\u00a0<\/p>\n\n<p>En esta propiedad se cuid\u00f3 mucho el proyecto de paisajismo, para disfrutar de multitud de variedades vegetales, que van cambiando de color con el paso de las estaciones.\u00a0<\/p>\n\n<p>El otro punto fundamental que la reforma deb\u00eda resolver eran las altas temperaturas que alcanzaba el inmueble en verano. El confort t\u00e9rmico fue resuelto mediante un aislamiento mixto de extrusionado y lana mineral en el falso techo y en el trasdosado de las paredes; unos vidrios con su correcto espesor, control solar, c\u00e1mara de gas arg\u00f3n y persianas motorizadas. Un toldo mecanizado permite cubrir la terraza en toda su extensi\u00f3n e impide que el sol incida directamente sobre la carpinter\u00eda; una vegetaci\u00f3n que act\u00faa de regulador natural t\u00e9rmico y un sistema de climatizaci\u00f3n con diferentes zonas clim\u00e1ticas.\u00a0\u00a0<\/p>\n\n<p>La toma de decisiones se realiza en colaboraci\u00f3n con la propiedad para conseguir materializar sus necesidades e intereses en la vivienda y obtener la mejor versi\u00f3n posible.\u00a0<\/p>\n\n<p>El resultado, un espacio donde la naturaleza y la luz est\u00e1n presentes en cada rinc\u00f3n.\u00a0\u00a0<\/p>\n\n<p><strong> <p class=\"wpsm-hide\" style=\"color: #cc0000; font-size: 100%; text-align: left;\"> &#8211;<\/p><\/div><\/div>\u00a0<\/strong><\/p>\n\n<p>\u00a0<\/p>\n\n<div class=\"wp-block-spacer\" style=\"height: 48px;\" aria-hidden=\"true\">\u00a0<\/div>\n\n<div class=\"wp-block-buttons is-content-justification-center is-layout-flex wp-container-core-buttons-is-layout-a89b3969 wp-block-buttons-is-layout-flex\"><\/div>\n\n<div class=\"wp-block-buttons is-layout-flex wp-block-buttons-is-layout-flex\"><\/div>\n\n<p>\u00a0<\/p>\n\t\t\t\t\t\t\t\t<\/div>\n\t\t\t\t<\/div>\n\t\t\t\t\t<\/div>\n\t\t\t\t<\/div>\n\t\t\t\t<\/div>\n\t\t","protected":false},"excerpt":{"rendered":"<p>La reforma se asocia con un proyecto de paisajismo para que vivir en el coraz\u00f3n de Madrid, no implique la renuncia a estar rodeado de naturaleza y tranquilidad.\u00a0\u00a0 \u00a0 \u00a0 \u00a0<\/p>\n","protected":false},"author":1,"featured_media":1074,"comment_status":"open","ping_status":"closed","sticky":false,"template":"","format":"standard","meta":{"footnotes":""},"categories":[29,26],"tags":[],"class_list":["post-1071","post","type-post","status-publish","format-standard","has-post-thumbnail","hentry","category-construccion","category-obra-nueva"],"yoast_head":"<!-- This site is optimized with the Yoast SEO plugin v27.4 - https:\/\/yoast.com\/product\/yoast-seo-wordpress\/ -->\n<title>Pedro Zerolo, Chueca, Madrid - Encinas Quinzano<\/title>\n<meta name=\"robots\" content=\"index, follow, max-snippet:-1, max-image-preview:large, max-video-preview:-1\" \/>\n<link rel=\"canonical\" href=\"https:\/\/encinasquinzano.com\/?p=1071\" \/>\n<meta property=\"og:locale\" content=\"es_ES\" \/>\n<meta property=\"og:type\" content=\"article\" \/>\n<meta property=\"og:title\" content=\"Pedro Zerolo, Chueca, Madrid - Encinas Quinzano\" \/>\n<meta property=\"og:description\" content=\"La reforma se asocia con un proyecto de paisajismo para que vivir en el coraz\u00f3n de Madrid, no implique la renuncia a estar rodeado de naturaleza y tranquilidad.\u00a0\u00a0 \u00a0 \u00a0 \u00a0\" \/>\n<meta property=\"og:url\" content=\"https:\/\/encinasquinzano.com\/?p=1071\" \/>\n<meta property=\"og:site_name\" content=\"Encinas Quinzano\" \/>\n<meta property=\"article:published_time\" content=\"2024-06-11T08:41:44+00:00\" \/>\n<meta property=\"article:modified_time\" content=\"2025-06-18T07:19:01+00:00\" \/>\n<meta name=\"author\" content=\"admin\" \/>\n<meta name=\"twitter:card\" content=\"summary_large_image\" \/>\n<meta name=\"twitter:label1\" content=\"Escrito por\" \/>\n\t<meta name=\"twitter:data1\" content=\"admin\" \/>\n\t<meta name=\"twitter:label2\" content=\"Tiempo de lectura\" \/>\n\t<meta name=\"twitter:data2\" content=\"2 minutos\" \/>\n<script type=\"application\/ld+json\" class=\"yoast-schema-graph\">{\"@context\":\"https:\\\/\\\/schema.org\",\"@graph\":[{\"@type\":\"Article\",\"@id\":\"https:\\\/\\\/encinasquinzano.com\\\/?p=1071#article\",\"isPartOf\":{\"@id\":\"https:\\\/\\\/encinasquinzano.com\\\/?p=1071\"},\"author\":{\"name\":\"admin\",\"@id\":\"https:\\\/\\\/encinasquinzano.com\\\/#\\\/schema\\\/person\\\/bb1fdbdfae35023db1f6d68682d5ca1e\"},\"headline\":\"Pedro Zerolo, Chueca, Madrid\",\"datePublished\":\"2024-06-11T08:41:44+00:00\",\"dateModified\":\"2025-06-18T07:19:01+00:00\",\"mainEntityOfPage\":{\"@id\":\"https:\\\/\\\/encinasquinzano.com\\\/?p=1071\"},\"wordCount\":480,\"commentCount\":0,\"publisher\":{\"@id\":\"https:\\\/\\\/encinasquinzano.com\\\/#organization\"},\"image\":{\"@id\":\"https:\\\/\\\/encinasquinzano.com\\\/?p=1071#primaryimage\"},\"thumbnailUrl\":\"https:\\\/\\\/encinasquinzano.com\\\/wp-content\\\/uploads\\\/2024\\\/06\\\/6_PZ4.-Cocina-de-nogal-1.avif\",\"articleSection\":[\"Construcci\u00f3n\",\"Obra nueva\"],\"inLanguage\":\"es\",\"potentialAction\":[{\"@type\":\"CommentAction\",\"name\":\"Comment\",\"target\":[\"https:\\\/\\\/encinasquinzano.com\\\/?p=1071#respond\"]}]},{\"@type\":\"WebPage\",\"@id\":\"https:\\\/\\\/encinasquinzano.com\\\/?p=1071\",\"url\":\"https:\\\/\\\/encinasquinzano.com\\\/?p=1071\",\"name\":\"Pedro Zerolo, Chueca, Madrid - Encinas Quinzano\",\"isPartOf\":{\"@id\":\"https:\\\/\\\/encinasquinzano.com\\\/#website\"},\"primaryImageOfPage\":{\"@id\":\"https:\\\/\\\/encinasquinzano.com\\\/?p=1071#primaryimage\"},\"image\":{\"@id\":\"https:\\\/\\\/encinasquinzano.com\\\/?p=1071#primaryimage\"},\"thumbnailUrl\":\"https:\\\/\\\/encinasquinzano.com\\\/wp-content\\\/uploads\\\/2024\\\/06\\\/6_PZ4.-Cocina-de-nogal-1.avif\",\"datePublished\":\"2024-06-11T08:41:44+00:00\",\"dateModified\":\"2025-06-18T07:19:01+00:00\",\"breadcrumb\":{\"@id\":\"https:\\\/\\\/encinasquinzano.com\\\/?p=1071#breadcrumb\"},\"inLanguage\":\"es\",\"potentialAction\":[{\"@type\":\"ReadAction\",\"target\":[\"https:\\\/\\\/encinasquinzano.com\\\/?p=1071\"]}]},{\"@type\":\"ImageObject\",\"inLanguage\":\"es\",\"@id\":\"https:\\\/\\\/encinasquinzano.com\\\/?p=1071#primaryimage\",\"url\":\"https:\\\/\\\/encinasquinzano.com\\\/wp-content\\\/uploads\\\/2024\\\/06\\\/6_PZ4.-Cocina-de-nogal-1.avif\",\"contentUrl\":\"https:\\\/\\\/encinasquinzano.com\\\/wp-content\\\/uploads\\\/2024\\\/06\\\/6_PZ4.-Cocina-de-nogal-1.avif\",\"width\":1287,\"height\":1440},{\"@type\":\"BreadcrumbList\",\"@id\":\"https:\\\/\\\/encinasquinzano.com\\\/?p=1071#breadcrumb\",\"itemListElement\":[{\"@type\":\"ListItem\",\"position\":1,\"name\":\"Portada\",\"item\":\"https:\\\/\\\/encinasquinzano.com\\\/\"},{\"@type\":\"ListItem\",\"position\":2,\"name\":\"Pedro Zerolo, Chueca, Madrid\"}]},{\"@type\":\"WebSite\",\"@id\":\"https:\\\/\\\/encinasquinzano.com\\\/#website\",\"url\":\"https:\\\/\\\/encinasquinzano.com\\\/\",\"name\":\"Encinas Quinzano\",\"description\":\"\",\"publisher\":{\"@id\":\"https:\\\/\\\/encinasquinzano.com\\\/#organization\"},\"potentialAction\":[{\"@type\":\"SearchAction\",\"target\":{\"@type\":\"EntryPoint\",\"urlTemplate\":\"https:\\\/\\\/encinasquinzano.com\\\/?s={search_term_string}\"},\"query-input\":{\"@type\":\"PropertyValueSpecification\",\"valueRequired\":true,\"valueName\":\"search_term_string\"}}],\"inLanguage\":\"es\"},{\"@type\":\"Organization\",\"@id\":\"https:\\\/\\\/encinasquinzano.com\\\/#organization\",\"name\":\"Encinas Quinzano\",\"url\":\"https:\\\/\\\/encinasquinzano.com\\\/\",\"logo\":{\"@type\":\"ImageObject\",\"inLanguage\":\"es\",\"@id\":\"https:\\\/\\\/encinasquinzano.com\\\/#\\\/schema\\\/logo\\\/image\\\/\",\"url\":\"https:\\\/\\\/encinasquinzano.com\\\/wp-content\\\/uploads\\\/2024\\\/03\\\/Imagotipo_-001.jpg\",\"contentUrl\":\"https:\\\/\\\/encinasquinzano.com\\\/wp-content\\\/uploads\\\/2024\\\/03\\\/Imagotipo_-001.jpg\",\"width\":1670,\"height\":842,\"caption\":\"Encinas Quinzano\"},\"image\":{\"@id\":\"https:\\\/\\\/encinasquinzano.com\\\/#\\\/schema\\\/logo\\\/image\\\/\"}},{\"@type\":\"Person\",\"@id\":\"https:\\\/\\\/encinasquinzano.com\\\/#\\\/schema\\\/person\\\/bb1fdbdfae35023db1f6d68682d5ca1e\",\"name\":\"admin\",\"image\":{\"@type\":\"ImageObject\",\"inLanguage\":\"es\",\"@id\":\"https:\\\/\\\/secure.gravatar.com\\\/avatar\\\/7879150c80cff0100e06fde9f842b996a9739bb21869569f587c5264ff0afd04?s=96&d=mm&r=g\",\"url\":\"https:\\\/\\\/secure.gravatar.com\\\/avatar\\\/7879150c80cff0100e06fde9f842b996a9739bb21869569f587c5264ff0afd04?s=96&d=mm&r=g\",\"contentUrl\":\"https:\\\/\\\/secure.gravatar.com\\\/avatar\\\/7879150c80cff0100e06fde9f842b996a9739bb21869569f587c5264ff0afd04?s=96&d=mm&r=g\",\"caption\":\"admin\"},\"sameAs\":[\"https:\\\/\\\/encinasquinzano.com\"],\"url\":\"https:\\\/\\\/encinasquinzano.com\\\/?author=1\"}]}<\/script>\n<!-- \/ Yoast SEO plugin. -->","yoast_head_json":{"title":"Pedro Zerolo, Chueca, Madrid - Encinas Quinzano","robots":{"index":"index","follow":"follow","max-snippet":"max-snippet:-1","max-image-preview":"max-image-preview:large","max-video-preview":"max-video-preview:-1"},"canonical":"https:\/\/encinasquinzano.com\/?p=1071","og_locale":"es_ES","og_type":"article","og_title":"Pedro Zerolo, Chueca, Madrid - Encinas Quinzano","og_description":"La reforma se asocia con un proyecto de paisajismo para que vivir en el coraz\u00f3n de Madrid, no implique la renuncia a estar rodeado de naturaleza y tranquilidad.\u00a0\u00a0 \u00a0 \u00a0 \u00a0","og_url":"https:\/\/encinasquinzano.com\/?p=1071","og_site_name":"Encinas Quinzano","article_published_time":"2024-06-11T08:41:44+00:00","article_modified_time":"2025-06-18T07:19:01+00:00","author":"admin","twitter_card":"summary_large_image","twitter_misc":{"Escrito por":"admin","Tiempo de lectura":"2 minutos"},"schema":{"@context":"https:\/\/schema.org","@graph":[{"@type":"Article","@id":"https:\/\/encinasquinzano.com\/?p=1071#article","isPartOf":{"@id":"https:\/\/encinasquinzano.com\/?p=1071"},"author":{"name":"admin","@id":"https:\/\/encinasquinzano.com\/#\/schema\/person\/bb1fdbdfae35023db1f6d68682d5ca1e"},"headline":"Pedro Zerolo, Chueca, Madrid","datePublished":"2024-06-11T08:41:44+00:00","dateModified":"2025-06-18T07:19:01+00:00","mainEntityOfPage":{"@id":"https:\/\/encinasquinzano.com\/?p=1071"},"wordCount":480,"commentCount":0,"publisher":{"@id":"https:\/\/encinasquinzano.com\/#organization"},"image":{"@id":"https:\/\/encinasquinzano.com\/?p=1071#primaryimage"},"thumbnailUrl":"https:\/\/encinasquinzano.com\/wp-content\/uploads\/2024\/06\/6_PZ4.-Cocina-de-nogal-1.avif","articleSection":["Construcci\u00f3n","Obra nueva"],"inLanguage":"es","potentialAction":[{"@type":"CommentAction","name":"Comment","target":["https:\/\/encinasquinzano.com\/?p=1071#respond"]}]},{"@type":"WebPage","@id":"https:\/\/encinasquinzano.com\/?p=1071","url":"https:\/\/encinasquinzano.com\/?p=1071","name":"Pedro Zerolo, Chueca, Madrid - Encinas Quinzano","isPartOf":{"@id":"https:\/\/encinasquinzano.com\/#website"},"primaryImageOfPage":{"@id":"https:\/\/encinasquinzano.com\/?p=1071#primaryimage"},"image":{"@id":"https:\/\/encinasquinzano.com\/?p=1071#primaryimage"},"thumbnailUrl":"https:\/\/encinasquinzano.com\/wp-content\/uploads\/2024\/06\/6_PZ4.-Cocina-de-nogal-1.avif","datePublished":"2024-06-11T08:41:44+00:00","dateModified":"2025-06-18T07:19:01+00:00","breadcrumb":{"@id":"https:\/\/encinasquinzano.com\/?p=1071#breadcrumb"},"inLanguage":"es","potentialAction":[{"@type":"ReadAction","target":["https:\/\/encinasquinzano.com\/?p=1071"]}]},{"@type":"ImageObject","inLanguage":"es","@id":"https:\/\/encinasquinzano.com\/?p=1071#primaryimage","url":"https:\/\/encinasquinzano.com\/wp-content\/uploads\/2024\/06\/6_PZ4.-Cocina-de-nogal-1.avif","contentUrl":"https:\/\/encinasquinzano.com\/wp-content\/uploads\/2024\/06\/6_PZ4.-Cocina-de-nogal-1.avif","width":1287,"height":1440},{"@type":"BreadcrumbList","@id":"https:\/\/encinasquinzano.com\/?p=1071#breadcrumb","itemListElement":[{"@type":"ListItem","position":1,"name":"Portada","item":"https:\/\/encinasquinzano.com\/"},{"@type":"ListItem","position":2,"name":"Pedro Zerolo, Chueca, Madrid"}]},{"@type":"WebSite","@id":"https:\/\/encinasquinzano.com\/#website","url":"https:\/\/encinasquinzano.com\/","name":"Encinas Quinzano","description":"","publisher":{"@id":"https:\/\/encinasquinzano.com\/#organization"},"potentialAction":[{"@type":"SearchAction","target":{"@type":"EntryPoint","urlTemplate":"https:\/\/encinasquinzano.com\/?s={search_term_string}"},"query-input":{"@type":"PropertyValueSpecification","valueRequired":true,"valueName":"search_term_string"}}],"inLanguage":"es"},{"@type":"Organization","@id":"https:\/\/encinasquinzano.com\/#organization","name":"Encinas Quinzano","url":"https:\/\/encinasquinzano.com\/","logo":{"@type":"ImageObject","inLanguage":"es","@id":"https:\/\/encinasquinzano.com\/#\/schema\/logo\/image\/","url":"https:\/\/encinasquinzano.com\/wp-content\/uploads\/2024\/03\/Imagotipo_-001.jpg","contentUrl":"https:\/\/encinasquinzano.com\/wp-content\/uploads\/2024\/03\/Imagotipo_-001.jpg","width":1670,"height":842,"caption":"Encinas Quinzano"},"image":{"@id":"https:\/\/encinasquinzano.com\/#\/schema\/logo\/image\/"}},{"@type":"Person","@id":"https:\/\/encinasquinzano.com\/#\/schema\/person\/bb1fdbdfae35023db1f6d68682d5ca1e","name":"admin","image":{"@type":"ImageObject","inLanguage":"es","@id":"https:\/\/secure.gravatar.com\/avatar\/7879150c80cff0100e06fde9f842b996a9739bb21869569f587c5264ff0afd04?s=96&d=mm&r=g","url":"https:\/\/secure.gravatar.com\/avatar\/7879150c80cff0100e06fde9f842b996a9739bb21869569f587c5264ff0afd04?s=96&d=mm&r=g","contentUrl":"https:\/\/secure.gravatar.com\/avatar\/7879150c80cff0100e06fde9f842b996a9739bb21869569f587c5264ff0afd04?s=96&d=mm&r=g","caption":"admin"},"sameAs":["https:\/\/encinasquinzano.com"],"url":"https:\/\/encinasquinzano.com\/?author=1"}]}},"_links":{"self":[{"href":"https:\/\/encinasquinzano.com\/index.php?rest_route=\/wp\/v2\/posts\/1071","targetHints":{"allow":["GET"]}}],"collection":[{"href":"https:\/\/encinasquinzano.com\/index.php?rest_route=\/wp\/v2\/posts"}],"about":[{"href":"https:\/\/encinasquinzano.com\/index.php?rest_route=\/wp\/v2\/types\/post"}],"author":[{"embeddable":true,"href":"https:\/\/encinasquinzano.com\/index.php?rest_route=\/wp\/v2\/users\/1"}],"replies":[{"embeddable":true,"href":"https:\/\/encinasquinzano.com\/index.php?rest_route=%2Fwp%2Fv2%2Fcomments&post=1071"}],"version-history":[{"count":13,"href":"https:\/\/encinasquinzano.com\/index.php?rest_route=\/wp\/v2\/posts\/1071\/revisions"}],"predecessor-version":[{"id":1798,"href":"https:\/\/encinasquinzano.com\/index.php?rest_route=\/wp\/v2\/posts\/1071\/revisions\/1798"}],"wp:featuredmedia":[{"embeddable":true,"href":"https:\/\/encinasquinzano.com\/index.php?rest_route=\/wp\/v2\/media\/1074"}],"wp:attachment":[{"href":"https:\/\/encinasquinzano.com\/index.php?rest_route=%2Fwp%2Fv2%2Fmedia&parent=1071"}],"wp:term":[{"taxonomy":"category","embeddable":true,"href":"https:\/\/encinasquinzano.com\/index.php?rest_route=%2Fwp%2Fv2%2Fcategories&post=1071"},{"taxonomy":"post_tag","embeddable":true,"href":"https:\/\/encinasquinzano.com\/index.php?rest_route=%2Fwp%2Fv2%2Ftags&post=1071"}],"curies":[{"name":"wp","href":"https:\/\/api.w.org\/{rel}","templated":true}]}}