{"id":1344,"date":"2025-05-28T16:33:56","date_gmt":"2025-05-28T16:33:56","guid":{"rendered":"https:\/\/encinasquinzano.com\/?p=1344"},"modified":"2025-07-07T06:13:53","modified_gmt":"2025-07-07T06:13:53","slug":"ronda-de-atocha-paseo-del-arte-madrid","status":"publish","type":"post","link":"https:\/\/encinasquinzano.com\/?p=1344","title":{"rendered":"Ronda de Atocha, Paseo del Arte, Madrid"},"content":{"rendered":"\n<p id=\"block-0412ee7d-ee31-4b74-8604-ea7323f06302\">La reforma amplia los l\u00edmites de la vivienda, recuperando y haciendo habitable el espacio utilizado tradicionalmente como trastero. El proyecto materializa la luz en todos los espacios.\u00a0<\/p>\n\n<p><strong><div class=\"show_more\"><p class=\"wpsm-show\" style=\"color: #cc0000; font-size: 100%; text-align: left;\"> +<\/p><div class=\"wpsm-content\">\u00a0<\/strong><\/p>\n\n<p>La reforma realizada en edificio caracter\u00edstico de ladrillo caravista del centro de Madrid del a\u00f1o 1900.<\/p>\n\n<p>La vivienda estaba formada por varias dependencias de peque\u00f1o tama\u00f1o, con un sal\u00f3n actuando de distribuidor, dando acceso a todas las piezas. La reforma inmediatamente anterior no hab\u00eda respetado los elementos originales y algunas habitaciones no ten\u00edan luz natural directa.<\/p>\n\n<p>Las dos premisas con las que nace el proyecto es dotar de luz natural a todas las estancias, aprovechando su doble orientaci\u00f3n este-oeste, sin perder el n\u00facleo central del sal\u00f3n como elemento comunicador. A lo que se suman dos prioridades de la propiedad: lograr el mayor confort t\u00e9rmico en la \u00faltima planta del edificio con cubierta directa y recuperar el valor de los materiales.<\/p>\n\n<p>Durante la reforma se retira toda la tabiquer\u00eda, preservando el muro de carga central y aprovechando los huecos existentes en el mismo para adaptar la distribuci\u00f3n a las necesidades actuales. Un sal\u00f3n que distribuye a una cocina integrada con el comedor y a un dormitorio principal con vestidor y ba\u00f1o integrados. Desde el sal\u00f3n, tambi\u00e9n nace la escalera de acero inoxidable continuo, que es la pieza central de la reforma. En la planta superior, y comunicando con el sal\u00f3n a trav\u00e9s de grandes tabiques de vidrio, un segundo dormitorio con vestidor, zona de biblioteca y ba\u00f1o.<\/p>\n\n<p>En la intervenci\u00f3n se realiz\u00f3 un minucioso trabajo de lijado con las vigas de madera carbonizadas, consecuencia de alg\u00fan evento pasado. Posteriormente, se trataron con ceras para recuperar su belleza natural. El suelo de tablones desiguales del sobrado fue sustituido por una tarima maciza que hace las veces de techo visto en la planta inferior y de suelo en la planta superior. El acero inoxidable de la escalera y la barandilla tiene su prolongaci\u00f3n en el rodapi\u00e9 continuo de la vivienda.<\/p>\n\n<p>El requisito de confort t\u00e9rmico fue resuelto mediante un aislamiento mixto de extrusionado y lana mineral bajo la cubierta del edificio y en el trasdosado de las paredes, junto con un sistema de aerotermia con suelo radiante-refrescante en la planta inferior y fancoils en la planta superior. Un suelo que permitiera la correcta inercia t\u00e9rmica, en l\u00ednea con el dise\u00f1o de la vivienda, se logr\u00f3 mediante un pavimento hidr\u00e1ulico.<\/p>\n\n<p>El resultado es una casa singular, tanto en el enfoque, como en los materiales, con una calidez que acoge.<\/p>\n\n<p><strong> <p class=\"wpsm-hide\" style=\"color: #cc0000; font-size: 100%; text-align: left;\"> -<\/p><\/div><\/div>\u00a0<\/strong><\/p>","protected":false},"excerpt":{"rendered":"<p>La reforma amplia los l\u00edmites de la vivienda, recuperando y haciendo habitable el espacio utilizado tradicionalmente como trastero. El proyecto materializa la luz en todos los espacios.\u00a0 \u00a0<\/p>\n","protected":false},"author":2,"featured_media":1485,"comment_status":"open","ping_status":"closed","sticky":false,"template":"","format":"standard","meta":{"footnotes":""},"categories":[29,30],"tags":[],"class_list":["post-1344","post","type-post","status-publish","format-standard","has-post-thumbnail","hentry","category-construccion","category-rehabilitacion-servicios"],"yoast_head":"<!-- This site is optimized with the Yoast SEO plugin v27.4 - https:\/\/yoast.com\/product\/yoast-seo-wordpress\/ -->\n<title>Ronda de Atocha, Paseo del Arte, Madrid - Encinas Quinzano<\/title>\n<meta name=\"robots\" content=\"index, follow, max-snippet:-1, max-image-preview:large, max-video-preview:-1\" \/>\n<link rel=\"canonical\" href=\"https:\/\/encinasquinzano.com\/?p=1344\" \/>\n<meta property=\"og:locale\" content=\"es_ES\" \/>\n<meta property=\"og:type\" content=\"article\" \/>\n<meta property=\"og:title\" content=\"Ronda de Atocha, Paseo del Arte, Madrid - Encinas Quinzano\" \/>\n<meta property=\"og:description\" content=\"La reforma amplia los l\u00edmites de la vivienda, recuperando y haciendo habitable el espacio utilizado tradicionalmente como trastero. El proyecto materializa la luz en todos los espacios.\u00a0 \u00a0\" \/>\n<meta property=\"og:url\" content=\"https:\/\/encinasquinzano.com\/?p=1344\" \/>\n<meta property=\"og:site_name\" content=\"Encinas Quinzano\" \/>\n<meta property=\"article:published_time\" content=\"2025-05-28T16:33:56+00:00\" \/>\n<meta property=\"article:modified_time\" content=\"2025-07-07T06:13:53+00:00\" \/>\n<meta name=\"author\" content=\"tecnico\" \/>\n<meta name=\"twitter:card\" content=\"summary_large_image\" \/>\n<meta name=\"twitter:label1\" content=\"Escrito por\" \/>\n\t<meta name=\"twitter:data1\" content=\"tecnico\" \/>\n\t<meta name=\"twitter:label2\" content=\"Tiempo de lectura\" \/>\n\t<meta name=\"twitter:data2\" content=\"3 minutos\" \/>\n<script type=\"application\/ld+json\" class=\"yoast-schema-graph\">{\"@context\":\"https:\\\/\\\/schema.org\",\"@graph\":[{\"@type\":\"Article\",\"@id\":\"https:\\\/\\\/encinasquinzano.com\\\/?p=1344#article\",\"isPartOf\":{\"@id\":\"https:\\\/\\\/encinasquinzano.com\\\/?p=1344\"},\"author\":{\"name\":\"tecnico\",\"@id\":\"https:\\\/\\\/encinasquinzano.com\\\/#\\\/schema\\\/person\\\/6c24c0dfcbfe1ea419b8376d544e1d13\"},\"headline\":\"Ronda de Atocha, Paseo del Arte, Madrid\",\"datePublished\":\"2025-05-28T16:33:56+00:00\",\"dateModified\":\"2025-07-07T06:13:53+00:00\",\"mainEntityOfPage\":{\"@id\":\"https:\\\/\\\/encinasquinzano.com\\\/?p=1344\"},\"wordCount\":454,\"commentCount\":0,\"publisher\":{\"@id\":\"https:\\\/\\\/encinasquinzano.com\\\/#organization\"},\"image\":{\"@id\":\"https:\\\/\\\/encinasquinzano.com\\\/?p=1344#primaryimage\"},\"thumbnailUrl\":\"https:\\\/\\\/encinasquinzano.com\\\/wp-content\\\/uploads\\\/2025\\\/05\\\/1_RdA5.-Escalera-acero-inoxidable-pulido-2.avif\",\"articleSection\":[\"Construcci\u00f3n\",\"Rehabilitaci\u00f3n\"],\"inLanguage\":\"es\",\"potentialAction\":[{\"@type\":\"CommentAction\",\"name\":\"Comment\",\"target\":[\"https:\\\/\\\/encinasquinzano.com\\\/?p=1344#respond\"]}]},{\"@type\":\"WebPage\",\"@id\":\"https:\\\/\\\/encinasquinzano.com\\\/?p=1344\",\"url\":\"https:\\\/\\\/encinasquinzano.com\\\/?p=1344\",\"name\":\"Ronda de Atocha, Paseo del Arte, Madrid - Encinas Quinzano\",\"isPartOf\":{\"@id\":\"https:\\\/\\\/encinasquinzano.com\\\/#website\"},\"primaryImageOfPage\":{\"@id\":\"https:\\\/\\\/encinasquinzano.com\\\/?p=1344#primaryimage\"},\"image\":{\"@id\":\"https:\\\/\\\/encinasquinzano.com\\\/?p=1344#primaryimage\"},\"thumbnailUrl\":\"https:\\\/\\\/encinasquinzano.com\\\/wp-content\\\/uploads\\\/2025\\\/05\\\/1_RdA5.-Escalera-acero-inoxidable-pulido-2.avif\",\"datePublished\":\"2025-05-28T16:33:56+00:00\",\"dateModified\":\"2025-07-07T06:13:53+00:00\",\"breadcrumb\":{\"@id\":\"https:\\\/\\\/encinasquinzano.com\\\/?p=1344#breadcrumb\"},\"inLanguage\":\"es\",\"potentialAction\":[{\"@type\":\"ReadAction\",\"target\":[\"https:\\\/\\\/encinasquinzano.com\\\/?p=1344\"]}]},{\"@type\":\"ImageObject\",\"inLanguage\":\"es\",\"@id\":\"https:\\\/\\\/encinasquinzano.com\\\/?p=1344#primaryimage\",\"url\":\"https:\\\/\\\/encinasquinzano.com\\\/wp-content\\\/uploads\\\/2025\\\/05\\\/1_RdA5.-Escalera-acero-inoxidable-pulido-2.avif\",\"contentUrl\":\"https:\\\/\\\/encinasquinzano.com\\\/wp-content\\\/uploads\\\/2025\\\/05\\\/1_RdA5.-Escalera-acero-inoxidable-pulido-2.avif\",\"width\":1329,\"height\":1440},{\"@type\":\"BreadcrumbList\",\"@id\":\"https:\\\/\\\/encinasquinzano.com\\\/?p=1344#breadcrumb\",\"itemListElement\":[{\"@type\":\"ListItem\",\"position\":1,\"name\":\"Portada\",\"item\":\"https:\\\/\\\/encinasquinzano.com\\\/\"},{\"@type\":\"ListItem\",\"position\":2,\"name\":\"Ronda de Atocha, Paseo del Arte, Madrid\"}]},{\"@type\":\"WebSite\",\"@id\":\"https:\\\/\\\/encinasquinzano.com\\\/#website\",\"url\":\"https:\\\/\\\/encinasquinzano.com\\\/\",\"name\":\"Encinas Quinzano\",\"description\":\"\",\"publisher\":{\"@id\":\"https:\\\/\\\/encinasquinzano.com\\\/#organization\"},\"potentialAction\":[{\"@type\":\"SearchAction\",\"target\":{\"@type\":\"EntryPoint\",\"urlTemplate\":\"https:\\\/\\\/encinasquinzano.com\\\/?s={search_term_string}\"},\"query-input\":{\"@type\":\"PropertyValueSpecification\",\"valueRequired\":true,\"valueName\":\"search_term_string\"}}],\"inLanguage\":\"es\"},{\"@type\":\"Organization\",\"@id\":\"https:\\\/\\\/encinasquinzano.com\\\/#organization\",\"name\":\"Encinas Quinzano\",\"url\":\"https:\\\/\\\/encinasquinzano.com\\\/\",\"logo\":{\"@type\":\"ImageObject\",\"inLanguage\":\"es\",\"@id\":\"https:\\\/\\\/encinasquinzano.com\\\/#\\\/schema\\\/logo\\\/image\\\/\",\"url\":\"https:\\\/\\\/encinasquinzano.com\\\/wp-content\\\/uploads\\\/2024\\\/03\\\/Imagotipo_-001.jpg\",\"contentUrl\":\"https:\\\/\\\/encinasquinzano.com\\\/wp-content\\\/uploads\\\/2024\\\/03\\\/Imagotipo_-001.jpg\",\"width\":1670,\"height\":842,\"caption\":\"Encinas Quinzano\"},\"image\":{\"@id\":\"https:\\\/\\\/encinasquinzano.com\\\/#\\\/schema\\\/logo\\\/image\\\/\"}},{\"@type\":\"Person\",\"@id\":\"https:\\\/\\\/encinasquinzano.com\\\/#\\\/schema\\\/person\\\/6c24c0dfcbfe1ea419b8376d544e1d13\",\"name\":\"tecnico\",\"image\":{\"@type\":\"ImageObject\",\"inLanguage\":\"es\",\"@id\":\"https:\\\/\\\/secure.gravatar.com\\\/avatar\\\/92ffb9cf414af63fee0f33fa71a1373419353bab89bdf2def060878d6f87a750?s=96&d=mm&r=g\",\"url\":\"https:\\\/\\\/secure.gravatar.com\\\/avatar\\\/92ffb9cf414af63fee0f33fa71a1373419353bab89bdf2def060878d6f87a750?s=96&d=mm&r=g\",\"contentUrl\":\"https:\\\/\\\/secure.gravatar.com\\\/avatar\\\/92ffb9cf414af63fee0f33fa71a1373419353bab89bdf2def060878d6f87a750?s=96&d=mm&r=g\",\"caption\":\"tecnico\"},\"url\":\"https:\\\/\\\/encinasquinzano.com\\\/?author=2\"}]}<\/script>\n<!-- \/ Yoast SEO plugin. -->","yoast_head_json":{"title":"Ronda de Atocha, Paseo del Arte, Madrid - Encinas Quinzano","robots":{"index":"index","follow":"follow","max-snippet":"max-snippet:-1","max-image-preview":"max-image-preview:large","max-video-preview":"max-video-preview:-1"},"canonical":"https:\/\/encinasquinzano.com\/?p=1344","og_locale":"es_ES","og_type":"article","og_title":"Ronda de Atocha, Paseo del Arte, Madrid - Encinas Quinzano","og_description":"La reforma amplia los l\u00edmites de la vivienda, recuperando y haciendo habitable el espacio utilizado tradicionalmente como trastero. El proyecto materializa la luz en todos los espacios.\u00a0 \u00a0","og_url":"https:\/\/encinasquinzano.com\/?p=1344","og_site_name":"Encinas Quinzano","article_published_time":"2025-05-28T16:33:56+00:00","article_modified_time":"2025-07-07T06:13:53+00:00","author":"tecnico","twitter_card":"summary_large_image","twitter_misc":{"Escrito por":"tecnico","Tiempo de lectura":"3 minutos"},"schema":{"@context":"https:\/\/schema.org","@graph":[{"@type":"Article","@id":"https:\/\/encinasquinzano.com\/?p=1344#article","isPartOf":{"@id":"https:\/\/encinasquinzano.com\/?p=1344"},"author":{"name":"tecnico","@id":"https:\/\/encinasquinzano.com\/#\/schema\/person\/6c24c0dfcbfe1ea419b8376d544e1d13"},"headline":"Ronda de Atocha, Paseo del Arte, Madrid","datePublished":"2025-05-28T16:33:56+00:00","dateModified":"2025-07-07T06:13:53+00:00","mainEntityOfPage":{"@id":"https:\/\/encinasquinzano.com\/?p=1344"},"wordCount":454,"commentCount":0,"publisher":{"@id":"https:\/\/encinasquinzano.com\/#organization"},"image":{"@id":"https:\/\/encinasquinzano.com\/?p=1344#primaryimage"},"thumbnailUrl":"https:\/\/encinasquinzano.com\/wp-content\/uploads\/2025\/05\/1_RdA5.-Escalera-acero-inoxidable-pulido-2.avif","articleSection":["Construcci\u00f3n","Rehabilitaci\u00f3n"],"inLanguage":"es","potentialAction":[{"@type":"CommentAction","name":"Comment","target":["https:\/\/encinasquinzano.com\/?p=1344#respond"]}]},{"@type":"WebPage","@id":"https:\/\/encinasquinzano.com\/?p=1344","url":"https:\/\/encinasquinzano.com\/?p=1344","name":"Ronda de Atocha, Paseo del Arte, Madrid - Encinas Quinzano","isPartOf":{"@id":"https:\/\/encinasquinzano.com\/#website"},"primaryImageOfPage":{"@id":"https:\/\/encinasquinzano.com\/?p=1344#primaryimage"},"image":{"@id":"https:\/\/encinasquinzano.com\/?p=1344#primaryimage"},"thumbnailUrl":"https:\/\/encinasquinzano.com\/wp-content\/uploads\/2025\/05\/1_RdA5.-Escalera-acero-inoxidable-pulido-2.avif","datePublished":"2025-05-28T16:33:56+00:00","dateModified":"2025-07-07T06:13:53+00:00","breadcrumb":{"@id":"https:\/\/encinasquinzano.com\/?p=1344#breadcrumb"},"inLanguage":"es","potentialAction":[{"@type":"ReadAction","target":["https:\/\/encinasquinzano.com\/?p=1344"]}]},{"@type":"ImageObject","inLanguage":"es","@id":"https:\/\/encinasquinzano.com\/?p=1344#primaryimage","url":"https:\/\/encinasquinzano.com\/wp-content\/uploads\/2025\/05\/1_RdA5.-Escalera-acero-inoxidable-pulido-2.avif","contentUrl":"https:\/\/encinasquinzano.com\/wp-content\/uploads\/2025\/05\/1_RdA5.-Escalera-acero-inoxidable-pulido-2.avif","width":1329,"height":1440},{"@type":"BreadcrumbList","@id":"https:\/\/encinasquinzano.com\/?p=1344#breadcrumb","itemListElement":[{"@type":"ListItem","position":1,"name":"Portada","item":"https:\/\/encinasquinzano.com\/"},{"@type":"ListItem","position":2,"name":"Ronda de Atocha, Paseo del Arte, Madrid"}]},{"@type":"WebSite","@id":"https:\/\/encinasquinzano.com\/#website","url":"https:\/\/encinasquinzano.com\/","name":"Encinas Quinzano","description":"","publisher":{"@id":"https:\/\/encinasquinzano.com\/#organization"},"potentialAction":[{"@type":"SearchAction","target":{"@type":"EntryPoint","urlTemplate":"https:\/\/encinasquinzano.com\/?s={search_term_string}"},"query-input":{"@type":"PropertyValueSpecification","valueRequired":true,"valueName":"search_term_string"}}],"inLanguage":"es"},{"@type":"Organization","@id":"https:\/\/encinasquinzano.com\/#organization","name":"Encinas Quinzano","url":"https:\/\/encinasquinzano.com\/","logo":{"@type":"ImageObject","inLanguage":"es","@id":"https:\/\/encinasquinzano.com\/#\/schema\/logo\/image\/","url":"https:\/\/encinasquinzano.com\/wp-content\/uploads\/2024\/03\/Imagotipo_-001.jpg","contentUrl":"https:\/\/encinasquinzano.com\/wp-content\/uploads\/2024\/03\/Imagotipo_-001.jpg","width":1670,"height":842,"caption":"Encinas Quinzano"},"image":{"@id":"https:\/\/encinasquinzano.com\/#\/schema\/logo\/image\/"}},{"@type":"Person","@id":"https:\/\/encinasquinzano.com\/#\/schema\/person\/6c24c0dfcbfe1ea419b8376d544e1d13","name":"tecnico","image":{"@type":"ImageObject","inLanguage":"es","@id":"https:\/\/secure.gravatar.com\/avatar\/92ffb9cf414af63fee0f33fa71a1373419353bab89bdf2def060878d6f87a750?s=96&d=mm&r=g","url":"https:\/\/secure.gravatar.com\/avatar\/92ffb9cf414af63fee0f33fa71a1373419353bab89bdf2def060878d6f87a750?s=96&d=mm&r=g","contentUrl":"https:\/\/secure.gravatar.com\/avatar\/92ffb9cf414af63fee0f33fa71a1373419353bab89bdf2def060878d6f87a750?s=96&d=mm&r=g","caption":"tecnico"},"url":"https:\/\/encinasquinzano.com\/?author=2"}]}},"_links":{"self":[{"href":"https:\/\/encinasquinzano.com\/index.php?rest_route=\/wp\/v2\/posts\/1344","targetHints":{"allow":["GET"]}}],"collection":[{"href":"https:\/\/encinasquinzano.com\/index.php?rest_route=\/wp\/v2\/posts"}],"about":[{"href":"https:\/\/encinasquinzano.com\/index.php?rest_route=\/wp\/v2\/types\/post"}],"author":[{"embeddable":true,"href":"https:\/\/encinasquinzano.com\/index.php?rest_route=\/wp\/v2\/users\/2"}],"replies":[{"embeddable":true,"href":"https:\/\/encinasquinzano.com\/index.php?rest_route=%2Fwp%2Fv2%2Fcomments&post=1344"}],"version-history":[{"count":11,"href":"https:\/\/encinasquinzano.com\/index.php?rest_route=\/wp\/v2\/posts\/1344\/revisions"}],"predecessor-version":[{"id":1919,"href":"https:\/\/encinasquinzano.com\/index.php?rest_route=\/wp\/v2\/posts\/1344\/revisions\/1919"}],"wp:featuredmedia":[{"embeddable":true,"href":"https:\/\/encinasquinzano.com\/index.php?rest_route=\/wp\/v2\/media\/1485"}],"wp:attachment":[{"href":"https:\/\/encinasquinzano.com\/index.php?rest_route=%2Fwp%2Fv2%2Fmedia&parent=1344"}],"wp:term":[{"taxonomy":"category","embeddable":true,"href":"https:\/\/encinasquinzano.com\/index.php?rest_route=%2Fwp%2Fv2%2Fcategories&post=1344"},{"taxonomy":"post_tag","embeddable":true,"href":"https:\/\/encinasquinzano.com\/index.php?rest_route=%2Fwp%2Fv2%2Ftags&post=1344"}],"curies":[{"name":"wp","href":"https:\/\/api.w.org\/{rel}","templated":true}]}}