{"id":496,"date":"2024-03-05T14:12:50","date_gmt":"2024-03-05T14:12:50","guid":{"rendered":"https:\/\/encinasquinzano.com\/?p=496"},"modified":"2025-06-19T12:27:51","modified_gmt":"2025-06-19T12:27:51","slug":"reforma-integral-malasana","status":"publish","type":"post","link":"https:\/\/encinasquinzano.com\/?p=496","title":{"rendered":"Palma, Malasa\u00f1a"},"content":{"rendered":"\t\t<div data-elementor-type=\"wp-post\" data-elementor-id=\"496\" class=\"elementor elementor-496\" data-elementor-post-type=\"post\">\n\t\t\t\t<div class=\"elementor-element elementor-element-d24109d e-flex e-con-boxed e-con e-parent\" data-id=\"d24109d\" data-element_type=\"container\" data-e-type=\"container\">\n\t\t\t\t\t<div class=\"e-con-inner\">\n\t\t\t\t<div class=\"elementor-element elementor-element-5d2bd61 elementor-widget elementor-widget-text-editor\" data-id=\"5d2bd61\" data-element_type=\"widget\" data-e-type=\"widget\" data-widget_type=\"text-editor.default\">\n\t\t\t\t<div class=\"elementor-widget-container\">\n\t\t\t\t\t\t\t\t\t<p>La reforma redefine el inmueble adaptando la distribuci\u00f3n a las necesidades de una pareja de profesionales, recuperando el potencial del espacio y llevando la luz natural a todos los espacios de la casa.\u00a0<\/p><p><strong><div class=\"show_more\"><p class=\"wpsm-show\" style=\"color: #cc0000; font-size: 100%; text-align: left;\"> +<\/p><div class=\"wpsm-content\">\u00a0<\/strong><\/p><p>Con estos objetivos en mente, se decidi\u00f3 diferenciar el espacio social de la vivienda de los espacios privados, desarrollando el espacio social entorno a un sal\u00f3n abierto con grandes balcones.\u00a0<\/p><p>El edificio del a\u00f1o 1900, con su distribuci\u00f3n tradicional basada en alcobas y estructura de muros de carga de pilares de madera entrelazados con ladrillo macizo limitando dichos espacios, fueron el punto de partida de la intervenci\u00f3n.\u00a0<\/p><p>Todos los pilares de madera se mantuvieron y ensalzaron para respetar el car\u00e1cter de la vivienda. En la zona donde estaban m\u00e1s debilitados se reforzaron con pilares met\u00e1licos que fueron lacados en el color de las paredes para quedar totalmente integrados.\u00a0<\/p><p>Todas las instalaciones son completamente nuevas, destaca la climatizaci\u00f3n que aporta un aire industrial a la reforma y permite mantener los techos en su altura original.\u00a0<\/p><p>Los acabados han sido cuidados con detalle, con piezas dise\u00f1adas por nuestro arquitecto y ejecutadas por nuestros artesanos, ejemplos de este trabajo son los dos muebles de lavabo de piedra natural o la carpinter\u00eda exterior de madera maciza, recuperando el despiece y el color de la carpinter\u00eda original del edificio.<\/p><p><strong> <p class=\"wpsm-hide\" style=\"color: #cc0000; font-size: 100%; text-align: left;\"> &#8211;<\/p><\/div><\/div>\u00a0<\/strong><\/p>\t\t\t\t\t\t\t\t<\/div>\n\t\t\t\t<\/div>\n\t\t\t\t\t<\/div>\n\t\t\t\t<\/div>\n\t\t\t\t<\/div>\n\t\t","protected":false},"excerpt":{"rendered":"<p>La reforma redefine el inmueble adaptando la distribuci\u00f3n a las necesidades de una pareja de profesionales, recuperando el potencial del espacio y llevando la luz natural a todos los espacios de la casa.\u00a0 \u00a0<\/p>\n","protected":false},"author":1,"featured_media":1710,"comment_status":"open","ping_status":"closed","sticky":false,"template":"","format":"standard","meta":{"footnotes":""},"categories":[25],"tags":[],"class_list":["post-496","post","type-post","status-publish","format-standard","has-post-thumbnail","hentry","category-rehabilitacion"],"yoast_head":"<!-- This site is optimized with the Yoast SEO plugin v27.4 - https:\/\/yoast.com\/product\/yoast-seo-wordpress\/ -->\n<title>Palma, Malasa\u00f1a - Encinas Quinzano<\/title>\n<meta name=\"robots\" content=\"index, follow, max-snippet:-1, max-image-preview:large, max-video-preview:-1\" \/>\n<link rel=\"canonical\" href=\"https:\/\/encinasquinzano.com\/?p=496\" \/>\n<meta property=\"og:locale\" content=\"es_ES\" \/>\n<meta property=\"og:type\" content=\"article\" \/>\n<meta property=\"og:title\" content=\"Palma, Malasa\u00f1a - Encinas Quinzano\" \/>\n<meta property=\"og:description\" content=\"La reforma redefine el inmueble adaptando la distribuci\u00f3n a las necesidades de una pareja de profesionales, recuperando el potencial del espacio y llevando la luz natural a todos los espacios de la casa.\u00a0 \u00a0\" \/>\n<meta property=\"og:url\" content=\"https:\/\/encinasquinzano.com\/?p=496\" \/>\n<meta property=\"og:site_name\" content=\"Encinas Quinzano\" \/>\n<meta property=\"article:published_time\" content=\"2024-03-05T14:12:50+00:00\" \/>\n<meta property=\"article:modified_time\" content=\"2025-06-19T12:27:51+00:00\" \/>\n<meta name=\"author\" content=\"admin\" \/>\n<meta name=\"twitter:card\" content=\"summary_large_image\" \/>\n<meta name=\"twitter:label1\" content=\"Escrito por\" \/>\n\t<meta name=\"twitter:data1\" content=\"admin\" \/>\n\t<meta name=\"twitter:label2\" content=\"Tiempo de lectura\" \/>\n\t<meta name=\"twitter:data2\" content=\"2 minutos\" \/>\n<script type=\"application\/ld+json\" class=\"yoast-schema-graph\">{\"@context\":\"https:\\\/\\\/schema.org\",\"@graph\":[{\"@type\":\"Article\",\"@id\":\"https:\\\/\\\/encinasquinzano.com\\\/?p=496#article\",\"isPartOf\":{\"@id\":\"https:\\\/\\\/encinasquinzano.com\\\/?p=496\"},\"author\":{\"name\":\"admin\",\"@id\":\"https:\\\/\\\/encinasquinzano.com\\\/#\\\/schema\\\/person\\\/bb1fdbdfae35023db1f6d68682d5ca1e\"},\"headline\":\"Palma, Malasa\u00f1a\",\"datePublished\":\"2024-03-05T14:12:50+00:00\",\"dateModified\":\"2025-06-19T12:27:51+00:00\",\"mainEntityOfPage\":{\"@id\":\"https:\\\/\\\/encinasquinzano.com\\\/?p=496\"},\"wordCount\":238,\"commentCount\":0,\"publisher\":{\"@id\":\"https:\\\/\\\/encinasquinzano.com\\\/#organization\"},\"image\":{\"@id\":\"https:\\\/\\\/encinasquinzano.com\\\/?p=496#primaryimage\"},\"thumbnailUrl\":\"https:\\\/\\\/encinasquinzano.com\\\/wp-content\\\/uploads\\\/2025\\\/06\\\/2_PLM41.-Cocina-comedor-de-madera-1.avif\",\"articleSection\":[\"Rehabilitaci\u00f3n\"],\"inLanguage\":\"es\",\"potentialAction\":[{\"@type\":\"CommentAction\",\"name\":\"Comment\",\"target\":[\"https:\\\/\\\/encinasquinzano.com\\\/?p=496#respond\"]}]},{\"@type\":\"WebPage\",\"@id\":\"https:\\\/\\\/encinasquinzano.com\\\/?p=496\",\"url\":\"https:\\\/\\\/encinasquinzano.com\\\/?p=496\",\"name\":\"Palma, Malasa\u00f1a - Encinas Quinzano\",\"isPartOf\":{\"@id\":\"https:\\\/\\\/encinasquinzano.com\\\/#website\"},\"primaryImageOfPage\":{\"@id\":\"https:\\\/\\\/encinasquinzano.com\\\/?p=496#primaryimage\"},\"image\":{\"@id\":\"https:\\\/\\\/encinasquinzano.com\\\/?p=496#primaryimage\"},\"thumbnailUrl\":\"https:\\\/\\\/encinasquinzano.com\\\/wp-content\\\/uploads\\\/2025\\\/06\\\/2_PLM41.-Cocina-comedor-de-madera-1.avif\",\"datePublished\":\"2024-03-05T14:12:50+00:00\",\"dateModified\":\"2025-06-19T12:27:51+00:00\",\"breadcrumb\":{\"@id\":\"https:\\\/\\\/encinasquinzano.com\\\/?p=496#breadcrumb\"},\"inLanguage\":\"es\",\"potentialAction\":[{\"@type\":\"ReadAction\",\"target\":[\"https:\\\/\\\/encinasquinzano.com\\\/?p=496\"]}]},{\"@type\":\"ImageObject\",\"inLanguage\":\"es\",\"@id\":\"https:\\\/\\\/encinasquinzano.com\\\/?p=496#primaryimage\",\"url\":\"https:\\\/\\\/encinasquinzano.com\\\/wp-content\\\/uploads\\\/2025\\\/06\\\/2_PLM41.-Cocina-comedor-de-madera-1.avif\",\"contentUrl\":\"https:\\\/\\\/encinasquinzano.com\\\/wp-content\\\/uploads\\\/2025\\\/06\\\/2_PLM41.-Cocina-comedor-de-madera-1.avif\",\"width\":2553,\"height\":2064},{\"@type\":\"BreadcrumbList\",\"@id\":\"https:\\\/\\\/encinasquinzano.com\\\/?p=496#breadcrumb\",\"itemListElement\":[{\"@type\":\"ListItem\",\"position\":1,\"name\":\"Portada\",\"item\":\"https:\\\/\\\/encinasquinzano.com\\\/\"},{\"@type\":\"ListItem\",\"position\":2,\"name\":\"Palma, Malasa\u00f1a\"}]},{\"@type\":\"WebSite\",\"@id\":\"https:\\\/\\\/encinasquinzano.com\\\/#website\",\"url\":\"https:\\\/\\\/encinasquinzano.com\\\/\",\"name\":\"Encinas Quinzano\",\"description\":\"\",\"publisher\":{\"@id\":\"https:\\\/\\\/encinasquinzano.com\\\/#organization\"},\"potentialAction\":[{\"@type\":\"SearchAction\",\"target\":{\"@type\":\"EntryPoint\",\"urlTemplate\":\"https:\\\/\\\/encinasquinzano.com\\\/?s={search_term_string}\"},\"query-input\":{\"@type\":\"PropertyValueSpecification\",\"valueRequired\":true,\"valueName\":\"search_term_string\"}}],\"inLanguage\":\"es\"},{\"@type\":\"Organization\",\"@id\":\"https:\\\/\\\/encinasquinzano.com\\\/#organization\",\"name\":\"Encinas Quinzano\",\"url\":\"https:\\\/\\\/encinasquinzano.com\\\/\",\"logo\":{\"@type\":\"ImageObject\",\"inLanguage\":\"es\",\"@id\":\"https:\\\/\\\/encinasquinzano.com\\\/#\\\/schema\\\/logo\\\/image\\\/\",\"url\":\"https:\\\/\\\/encinasquinzano.com\\\/wp-content\\\/uploads\\\/2024\\\/03\\\/Imagotipo_-001.jpg\",\"contentUrl\":\"https:\\\/\\\/encinasquinzano.com\\\/wp-content\\\/uploads\\\/2024\\\/03\\\/Imagotipo_-001.jpg\",\"width\":1670,\"height\":842,\"caption\":\"Encinas Quinzano\"},\"image\":{\"@id\":\"https:\\\/\\\/encinasquinzano.com\\\/#\\\/schema\\\/logo\\\/image\\\/\"}},{\"@type\":\"Person\",\"@id\":\"https:\\\/\\\/encinasquinzano.com\\\/#\\\/schema\\\/person\\\/bb1fdbdfae35023db1f6d68682d5ca1e\",\"name\":\"admin\",\"image\":{\"@type\":\"ImageObject\",\"inLanguage\":\"es\",\"@id\":\"https:\\\/\\\/secure.gravatar.com\\\/avatar\\\/7879150c80cff0100e06fde9f842b996a9739bb21869569f587c5264ff0afd04?s=96&d=mm&r=g\",\"url\":\"https:\\\/\\\/secure.gravatar.com\\\/avatar\\\/7879150c80cff0100e06fde9f842b996a9739bb21869569f587c5264ff0afd04?s=96&d=mm&r=g\",\"contentUrl\":\"https:\\\/\\\/secure.gravatar.com\\\/avatar\\\/7879150c80cff0100e06fde9f842b996a9739bb21869569f587c5264ff0afd04?s=96&d=mm&r=g\",\"caption\":\"admin\"},\"sameAs\":[\"https:\\\/\\\/encinasquinzano.com\"],\"url\":\"https:\\\/\\\/encinasquinzano.com\\\/?author=1\"}]}<\/script>\n<!-- \/ Yoast SEO plugin. -->","yoast_head_json":{"title":"Palma, Malasa\u00f1a - Encinas Quinzano","robots":{"index":"index","follow":"follow","max-snippet":"max-snippet:-1","max-image-preview":"max-image-preview:large","max-video-preview":"max-video-preview:-1"},"canonical":"https:\/\/encinasquinzano.com\/?p=496","og_locale":"es_ES","og_type":"article","og_title":"Palma, Malasa\u00f1a - Encinas Quinzano","og_description":"La reforma redefine el inmueble adaptando la distribuci\u00f3n a las necesidades de una pareja de profesionales, recuperando el potencial del espacio y llevando la luz natural a todos los espacios de la casa.\u00a0 \u00a0","og_url":"https:\/\/encinasquinzano.com\/?p=496","og_site_name":"Encinas Quinzano","article_published_time":"2024-03-05T14:12:50+00:00","article_modified_time":"2025-06-19T12:27:51+00:00","author":"admin","twitter_card":"summary_large_image","twitter_misc":{"Escrito por":"admin","Tiempo de lectura":"2 minutos"},"schema":{"@context":"https:\/\/schema.org","@graph":[{"@type":"Article","@id":"https:\/\/encinasquinzano.com\/?p=496#article","isPartOf":{"@id":"https:\/\/encinasquinzano.com\/?p=496"},"author":{"name":"admin","@id":"https:\/\/encinasquinzano.com\/#\/schema\/person\/bb1fdbdfae35023db1f6d68682d5ca1e"},"headline":"Palma, Malasa\u00f1a","datePublished":"2024-03-05T14:12:50+00:00","dateModified":"2025-06-19T12:27:51+00:00","mainEntityOfPage":{"@id":"https:\/\/encinasquinzano.com\/?p=496"},"wordCount":238,"commentCount":0,"publisher":{"@id":"https:\/\/encinasquinzano.com\/#organization"},"image":{"@id":"https:\/\/encinasquinzano.com\/?p=496#primaryimage"},"thumbnailUrl":"https:\/\/encinasquinzano.com\/wp-content\/uploads\/2025\/06\/2_PLM41.-Cocina-comedor-de-madera-1.avif","articleSection":["Rehabilitaci\u00f3n"],"inLanguage":"es","potentialAction":[{"@type":"CommentAction","name":"Comment","target":["https:\/\/encinasquinzano.com\/?p=496#respond"]}]},{"@type":"WebPage","@id":"https:\/\/encinasquinzano.com\/?p=496","url":"https:\/\/encinasquinzano.com\/?p=496","name":"Palma, Malasa\u00f1a - Encinas Quinzano","isPartOf":{"@id":"https:\/\/encinasquinzano.com\/#website"},"primaryImageOfPage":{"@id":"https:\/\/encinasquinzano.com\/?p=496#primaryimage"},"image":{"@id":"https:\/\/encinasquinzano.com\/?p=496#primaryimage"},"thumbnailUrl":"https:\/\/encinasquinzano.com\/wp-content\/uploads\/2025\/06\/2_PLM41.-Cocina-comedor-de-madera-1.avif","datePublished":"2024-03-05T14:12:50+00:00","dateModified":"2025-06-19T12:27:51+00:00","breadcrumb":{"@id":"https:\/\/encinasquinzano.com\/?p=496#breadcrumb"},"inLanguage":"es","potentialAction":[{"@type":"ReadAction","target":["https:\/\/encinasquinzano.com\/?p=496"]}]},{"@type":"ImageObject","inLanguage":"es","@id":"https:\/\/encinasquinzano.com\/?p=496#primaryimage","url":"https:\/\/encinasquinzano.com\/wp-content\/uploads\/2025\/06\/2_PLM41.-Cocina-comedor-de-madera-1.avif","contentUrl":"https:\/\/encinasquinzano.com\/wp-content\/uploads\/2025\/06\/2_PLM41.-Cocina-comedor-de-madera-1.avif","width":2553,"height":2064},{"@type":"BreadcrumbList","@id":"https:\/\/encinasquinzano.com\/?p=496#breadcrumb","itemListElement":[{"@type":"ListItem","position":1,"name":"Portada","item":"https:\/\/encinasquinzano.com\/"},{"@type":"ListItem","position":2,"name":"Palma, Malasa\u00f1a"}]},{"@type":"WebSite","@id":"https:\/\/encinasquinzano.com\/#website","url":"https:\/\/encinasquinzano.com\/","name":"Encinas Quinzano","description":"","publisher":{"@id":"https:\/\/encinasquinzano.com\/#organization"},"potentialAction":[{"@type":"SearchAction","target":{"@type":"EntryPoint","urlTemplate":"https:\/\/encinasquinzano.com\/?s={search_term_string}"},"query-input":{"@type":"PropertyValueSpecification","valueRequired":true,"valueName":"search_term_string"}}],"inLanguage":"es"},{"@type":"Organization","@id":"https:\/\/encinasquinzano.com\/#organization","name":"Encinas Quinzano","url":"https:\/\/encinasquinzano.com\/","logo":{"@type":"ImageObject","inLanguage":"es","@id":"https:\/\/encinasquinzano.com\/#\/schema\/logo\/image\/","url":"https:\/\/encinasquinzano.com\/wp-content\/uploads\/2024\/03\/Imagotipo_-001.jpg","contentUrl":"https:\/\/encinasquinzano.com\/wp-content\/uploads\/2024\/03\/Imagotipo_-001.jpg","width":1670,"height":842,"caption":"Encinas Quinzano"},"image":{"@id":"https:\/\/encinasquinzano.com\/#\/schema\/logo\/image\/"}},{"@type":"Person","@id":"https:\/\/encinasquinzano.com\/#\/schema\/person\/bb1fdbdfae35023db1f6d68682d5ca1e","name":"admin","image":{"@type":"ImageObject","inLanguage":"es","@id":"https:\/\/secure.gravatar.com\/avatar\/7879150c80cff0100e06fde9f842b996a9739bb21869569f587c5264ff0afd04?s=96&d=mm&r=g","url":"https:\/\/secure.gravatar.com\/avatar\/7879150c80cff0100e06fde9f842b996a9739bb21869569f587c5264ff0afd04?s=96&d=mm&r=g","contentUrl":"https:\/\/secure.gravatar.com\/avatar\/7879150c80cff0100e06fde9f842b996a9739bb21869569f587c5264ff0afd04?s=96&d=mm&r=g","caption":"admin"},"sameAs":["https:\/\/encinasquinzano.com"],"url":"https:\/\/encinasquinzano.com\/?author=1"}]}},"_links":{"self":[{"href":"https:\/\/encinasquinzano.com\/index.php?rest_route=\/wp\/v2\/posts\/496","targetHints":{"allow":["GET"]}}],"collection":[{"href":"https:\/\/encinasquinzano.com\/index.php?rest_route=\/wp\/v2\/posts"}],"about":[{"href":"https:\/\/encinasquinzano.com\/index.php?rest_route=\/wp\/v2\/types\/post"}],"author":[{"embeddable":true,"href":"https:\/\/encinasquinzano.com\/index.php?rest_route=\/wp\/v2\/users\/1"}],"replies":[{"embeddable":true,"href":"https:\/\/encinasquinzano.com\/index.php?rest_route=%2Fwp%2Fv2%2Fcomments&post=496"}],"version-history":[{"count":72,"href":"https:\/\/encinasquinzano.com\/index.php?rest_route=\/wp\/v2\/posts\/496\/revisions"}],"predecessor-version":[{"id":1925,"href":"https:\/\/encinasquinzano.com\/index.php?rest_route=\/wp\/v2\/posts\/496\/revisions\/1925"}],"wp:featuredmedia":[{"embeddable":true,"href":"https:\/\/encinasquinzano.com\/index.php?rest_route=\/wp\/v2\/media\/1710"}],"wp:attachment":[{"href":"https:\/\/encinasquinzano.com\/index.php?rest_route=%2Fwp%2Fv2%2Fmedia&parent=496"}],"wp:term":[{"taxonomy":"category","embeddable":true,"href":"https:\/\/encinasquinzano.com\/index.php?rest_route=%2Fwp%2Fv2%2Fcategories&post=496"},{"taxonomy":"post_tag","embeddable":true,"href":"https:\/\/encinasquinzano.com\/index.php?rest_route=%2Fwp%2Fv2%2Ftags&post=496"}],"curies":[{"name":"wp","href":"https:\/\/api.w.org\/{rel}","templated":true}]}}